{"id":3016,"date":"2016-03-14T11:59:19","date_gmt":"2016-03-14T10:59:19","guid":{"rendered":"http:\/\/www.kamira.es\/?p=3016&#038;lang=eu"},"modified":"2016-05-17T13:33:34","modified_gmt":"2016-05-17T11:33:34","slug":"emociones-esas-grandes-desconocidas","status":"publish","type":"post","link":"https:\/\/www.kamira.es\/eu\/emociones-esas-grandes-desconocidas\/","title":{"rendered":"Emociones: esas grandes desconocidas"},"content":{"rendered":"<p><a href=\"http:\/\/www.kamira.es\/wp-content\/uploads\/2016\/03\/emociones-grandes-desconocidas-kamira.jpg\"><img decoding=\"async\" loading=\"lazy\" class=\"alignnone size-full wp-image-2874\" src=\"http:\/\/www.kamira.es\/wp-content\/uploads\/2016\/03\/emociones-grandes-desconocidas-kamira.jpg\" alt=\"Emociones. esas grandes desconocidas. Kamira\" width=\"900\" height=\"600\" srcset=\"https:\/\/www.kamira.es\/wp-content\/uploads\/2016\/03\/emociones-grandes-desconocidas-kamira.jpg 900w, https:\/\/www.kamira.es\/wp-content\/uploads\/2016\/03\/emociones-grandes-desconocidas-kamira-600x400.jpg 600w, https:\/\/www.kamira.es\/wp-content\/uploads\/2016\/03\/emociones-grandes-desconocidas-kamira-300x200.jpg 300w, https:\/\/www.kamira.es\/wp-content\/uploads\/2016\/03\/emociones-grandes-desconocidas-kamira-768x512.jpg 768w, https:\/\/www.kamira.es\/wp-content\/uploads\/2016\/03\/emociones-grandes-desconocidas-kamira-219x146.jpg 219w, https:\/\/www.kamira.es\/wp-content\/uploads\/2016\/03\/emociones-grandes-desconocidas-kamira-50x33.jpg 50w, https:\/\/www.kamira.es\/wp-content\/uploads\/2016\/03\/emociones-grandes-desconocidas-kamira-113x75.jpg 113w\" sizes=\"(max-width: 900px) 100vw, 900px\" \/><\/a><\/p>\n<h4><strong>Somos lo que sentimos respecto a las cosas que nos pasan, el c\u00f3mo gestionemos emocionalmente lo que nos ocurre d\u00eda a d\u00eda es lo que define nuestra personalidad. <\/strong><\/h4>\n<p>Pero en esta definici\u00f3n el repertorio de vocabulario se acaba pronto. Podemos estar tristes, alegres, cabreados y contentos. De poco m\u00e1s vocabulario tiramos a la hora de hablar de nuestras emociones.<\/p>\n<p>Y si somos incapaces de comprender nosotros mismos lo que nos pasa, dif\u00edcilmente se lo haremos entender a nuestros hijos.<\/p>\n<p>Los adultos somos m\u00e1s tendentes a preguntar al otro qu\u00e9 has hecho hoy en vez de preguntar c\u00f3mo est\u00e1s. Nos resulta m\u00e1s <strong>f\u00e1cil enumerar hora a hora nuestras actividades<\/strong> que contar <strong>c\u00f3mo nos hemos sentido haci\u00e9ndolas<\/strong>. Es como si fu\u00e9ramos a un restaurante exquisito y s\u00f3lo dij\u00e9ramos que comimos comida al describir el fest\u00edn.<\/p>\n<h4><strong>La comunicaci\u00f3n y la gesti\u00f3n emocional componen el 90% de nuestras experiencias vitales y la atenci\u00f3n que les prestamos es m\u00ednima. <\/strong><\/h4>\n<p>No sabemos identificar ni poner en palabras qu\u00e9 nos produce <strong>alegr\u00eda, placer o tristeza<\/strong> y esta carencia cognitiva hace que nos conozcamos s\u00f3lo a la mitad.<\/p>\n<p>Controlar e <strong>identificar nuestras emociones es nuestra asignatura pendiente<\/strong> pero no podremos hacerlo si no sabemos lo qu\u00e9 son.<\/p>\n<p>Como padres somos capaces de advertir a nuestros hijos cuando hay un peligro f\u00edsico: <em>no te subas all\u00ed porque te vas a caer<\/em>. Si se hieren en la ca\u00edda, la cadena de sucesos est\u00e1 clara: <em>te has ca\u00eddo y te has hecho da\u00f1o.<\/em><\/p>\n<p>Pero <strong>qu\u00e9 ocurre cuando la herida es emocional<\/strong>, qu\u00e9 pasa cuando nuestros hijos se enfadan y no son capaces de controlar su ira, o cuando est\u00e1n muy contentos y pasamos por ello como si no tuviera importancia. Los ni\u00f1os, al igual que los adultos, pueden experimentar a lo largo del d\u00eda todo tipo de emociones y debemos ense\u00f1arles a hablar sobre ellas, pero para eso tenemos que aprender primero nosotros. <strong>Un adulto que controla sus emociones es mucho MENOS vulnerable a la hora de afrontar la vida. <\/strong><\/p>\n<p>De igual manera que podemos advertirles de que si siguen comiendo chuches les doler\u00e1 la tripa, deber\u00edamos poder explicarles que la ira y el enfado har\u00e1n que su cerebro se desequilibre y se sentir\u00e1n peor.<\/p>\n<p>La educaci\u00f3n emocional es la educaci\u00f3n m\u00e1s importante que debieran recibir nuestros hijos pero para ello, los padres nos tenemos que ponernos las pilas. La buena noticia es que <strong>aprender a comunicarnos emocionalmente se puede aprender a cualquier edad<\/strong>. Es como un idioma, claro est\u00e1 que cuanto antes lo aprendamos antes podremos empezar.<\/p>\n<p>Y como primera lecci\u00f3n compartimos este maravilloso cortometraje en el que los m\u00e1s peque\u00f1os nos pillan ya la delantera. Vean y aprendan.<\/p>\n<div class=\"content_video iframe has-wh\"><iframe class=\"scale-with-grid\" width=\"700\" height=\"400\" src=\"https:\/\/player.vimeo.com\/video\/62954028?wmode=opaque\" allowFullScreen><\/iframe>\n<\/div>\n\n<p>&nbsp;<\/p>\n<p>&nbsp;<\/p>\n<p>&nbsp;<\/p>\n","protected":false},"excerpt":{"rendered":"<p>Somos lo que sentimos respecto a las cosas que nos pasan, el c\u00f3mo gestionemos emocionalmente lo que nos ocurre d\u00eda a d\u00eda es lo que define<span class=\"excerpt-hellip\"> [\u2026]<\/span><\/p>\n","protected":false},"author":4,"featured_media":2874,"comment_status":"open","ping_status":"open","sticky":false,"template":"","format":"standard","meta":{"footnotes":""},"categories":[],"tags":[],"yoast_head":"<!-- This site is optimized with the Yoast SEO plugin v19.1 - https:\/\/yoast.com\/wordpress\/plugins\/seo\/ -->\n<title>Emociones: esas grandes desconocidas - Kamira<\/title>\n<meta name=\"robots\" content=\"index, follow, max-snippet:-1, max-image-preview:large, max-video-preview:-1\" \/>\n<link rel=\"canonical\" href=\"https:\/\/www.kamira.es\/eu\/emociones-esas-grandes-desconocidas\/\" \/>\n<meta property=\"og:locale\" content=\"en_US\" \/>\n<meta property=\"og:type\" content=\"article\" \/>\n<meta property=\"og:title\" content=\"Emociones: esas grandes desconocidas - Kamira\" \/>\n<meta property=\"og:description\" content=\"Somos lo que sentimos respecto a las cosas que nos pasan, el c\u00f3mo gestionemos emocionalmente lo que nos ocurre d\u00eda a d\u00eda es lo que define [\u2026]\" \/>\n<meta property=\"og:url\" content=\"https:\/\/www.kamira.es\/eu\/emociones-esas-grandes-desconocidas\/\" \/>\n<meta property=\"og:site_name\" content=\"Kamira\" \/>\n<meta property=\"article:published_time\" content=\"2016-03-14T10:59:19+00:00\" \/>\n<meta property=\"article:modified_time\" content=\"2016-05-17T11:33:34+00:00\" \/>\n<meta property=\"og:image\" content=\"https:\/\/www.kamira.es\/wp-content\/uploads\/2016\/03\/emociones-grandes-desconocidas-kamira.jpg\" \/>\n\t<meta property=\"og:image:width\" content=\"900\" \/>\n\t<meta property=\"og:image:height\" content=\"600\" \/>\n\t<meta property=\"og:image:type\" content=\"image\/jpeg\" \/>\n<meta name=\"twitter:card\" content=\"summary\" \/>\n<meta name=\"twitter:label1\" content=\"Written by\" \/>\n\t<meta name=\"twitter:data1\" content=\"Publicaciones Calle Mayor\" \/>\n\t<meta name=\"twitter:label2\" content=\"Est. reading time\" \/>\n\t<meta name=\"twitter:data2\" content=\"2 minutua\" \/>\n<script type=\"application\/ld+json\" class=\"yoast-schema-graph\">{\"@context\":\"https:\/\/schema.org\",\"@graph\":[{\"@type\":\"Organization\",\"@id\":\"https:\/\/www.kamira.es\/#organization\",\"name\":\"Cooperativa Kamira\",\"url\":\"https:\/\/www.kamira.es\/\",\"sameAs\":[],\"logo\":{\"@type\":\"ImageObject\",\"inLanguage\":\"eu\",\"@id\":\"https:\/\/www.kamira.es\/#\/schema\/logo\/image\/\",\"url\":\"http:\/\/www.kamira.es\/wp-content\/uploads\/2016\/06\/logo-kamira.png\",\"contentUrl\":\"http:\/\/www.kamira.es\/wp-content\/uploads\/2016\/06\/logo-kamira.png\",\"width\":300,\"height\":108,\"caption\":\"Cooperativa Kamira\"},\"image\":{\"@id\":\"https:\/\/www.kamira.es\/#\/schema\/logo\/image\/\"}},{\"@type\":\"WebSite\",\"@id\":\"https:\/\/www.kamira.es\/#website\",\"url\":\"https:\/\/www.kamira.es\/\",\"name\":\"Kamira\",\"description\":\"\",\"publisher\":{\"@id\":\"https:\/\/www.kamira.es\/#organization\"},\"potentialAction\":[{\"@type\":\"SearchAction\",\"target\":{\"@type\":\"EntryPoint\",\"urlTemplate\":\"https:\/\/www.kamira.es\/?s={search_term_string}\"},\"query-input\":\"required name=search_term_string\"}],\"inLanguage\":\"eu\"},{\"@type\":\"ImageObject\",\"inLanguage\":\"eu\",\"@id\":\"https:\/\/www.kamira.es\/eu\/emociones-esas-grandes-desconocidas\/#primaryimage\",\"url\":\"https:\/\/www.kamira.es\/wp-content\/uploads\/2016\/03\/emociones-grandes-desconocidas-kamira.jpg\",\"contentUrl\":\"https:\/\/www.kamira.es\/wp-content\/uploads\/2016\/03\/emociones-grandes-desconocidas-kamira.jpg\",\"width\":900,\"height\":600,\"caption\":\"Emociones. esas grandes desconocidas. Kamira\"},{\"@type\":\"WebPage\",\"@id\":\"https:\/\/www.kamira.es\/eu\/emociones-esas-grandes-desconocidas\/#webpage\",\"url\":\"https:\/\/www.kamira.es\/eu\/emociones-esas-grandes-desconocidas\/\",\"name\":\"Emociones: esas grandes desconocidas - Kamira\",\"isPartOf\":{\"@id\":\"https:\/\/www.kamira.es\/#website\"},\"primaryImageOfPage\":{\"@id\":\"https:\/\/www.kamira.es\/eu\/emociones-esas-grandes-desconocidas\/#primaryimage\"},\"datePublished\":\"2016-03-14T10:59:19+00:00\",\"dateModified\":\"2016-05-17T11:33:34+00:00\",\"breadcrumb\":{\"@id\":\"https:\/\/www.kamira.es\/eu\/emociones-esas-grandes-desconocidas\/#breadcrumb\"},\"inLanguage\":\"eu\",\"potentialAction\":[{\"@type\":\"ReadAction\",\"target\":[\"https:\/\/www.kamira.es\/eu\/emociones-esas-grandes-desconocidas\/\"]}]},{\"@type\":\"BreadcrumbList\",\"@id\":\"https:\/\/www.kamira.es\/eu\/emociones-esas-grandes-desconocidas\/#breadcrumb\",\"itemListElement\":[{\"@type\":\"ListItem\",\"position\":1,\"name\":\"Portada\",\"item\":\"https:\/\/www.kamira.es\/eu\/\"},{\"@type\":\"ListItem\",\"position\":2,\"name\":\"Emociones: esas grandes desconocidas\"}]},{\"@type\":\"Article\",\"@id\":\"https:\/\/www.kamira.es\/eu\/emociones-esas-grandes-desconocidas\/#article\",\"isPartOf\":{\"@id\":\"https:\/\/www.kamira.es\/eu\/emociones-esas-grandes-desconocidas\/#webpage\"},\"author\":{\"@id\":\"https:\/\/www.kamira.es\/#\/schema\/person\/5f9dedf5311f82b4b04232229480308a\"},\"headline\":\"Emociones: esas grandes desconocidas\",\"datePublished\":\"2016-03-14T10:59:19+00:00\",\"dateModified\":\"2016-05-17T11:33:34+00:00\",\"mainEntityOfPage\":{\"@id\":\"https:\/\/www.kamira.es\/eu\/emociones-esas-grandes-desconocidas\/#webpage\"},\"wordCount\":494,\"commentCount\":0,\"publisher\":{\"@id\":\"https:\/\/www.kamira.es\/#organization\"},\"image\":{\"@id\":\"https:\/\/www.kamira.es\/eu\/emociones-esas-grandes-desconocidas\/#primaryimage\"},\"thumbnailUrl\":\"https:\/\/www.kamira.es\/wp-content\/uploads\/2016\/03\/emociones-grandes-desconocidas-kamira.jpg\",\"inLanguage\":\"eu\",\"potentialAction\":[{\"@type\":\"CommentAction\",\"name\":\"Comment\",\"target\":[\"https:\/\/www.kamira.es\/eu\/emociones-esas-grandes-desconocidas\/#respond\"]}]},{\"@type\":\"Person\",\"@id\":\"https:\/\/www.kamira.es\/#\/schema\/person\/5f9dedf5311f82b4b04232229480308a\",\"name\":\"Publicaciones Calle Mayor\",\"image\":{\"@type\":\"ImageObject\",\"inLanguage\":\"eu\",\"@id\":\"https:\/\/www.kamira.es\/#\/schema\/person\/image\/\",\"url\":\"https:\/\/secure.gravatar.com\/avatar\/fd97b8b0e951b2a7ba62f0c718ef5ff1?s=96&d=mm&r=g\",\"contentUrl\":\"https:\/\/secure.gravatar.com\/avatar\/fd97b8b0e951b2a7ba62f0c718ef5ff1?s=96&d=mm&r=g\",\"caption\":\"Publicaciones Calle Mayor\"},\"sameAs\":[\"http:\/\/www.callemayor.es\"],\"url\":\"https:\/\/www.kamira.es\/eu\/author\/admin-kamira\/\"}]}<\/script>\n<!-- \/ Yoast SEO plugin. -->","yoast_head_json":{"title":"Emociones: esas grandes desconocidas - Kamira","robots":{"index":"index","follow":"follow","max-snippet":"max-snippet:-1","max-image-preview":"max-image-preview:large","max-video-preview":"max-video-preview:-1"},"canonical":"https:\/\/www.kamira.es\/eu\/emociones-esas-grandes-desconocidas\/","og_locale":"en_US","og_type":"article","og_title":"Emociones: esas grandes desconocidas - Kamira","og_description":"Somos lo que sentimos respecto a las cosas que nos pasan, el c\u00f3mo gestionemos emocionalmente lo que nos ocurre d\u00eda a d\u00eda es lo que define [\u2026]","og_url":"https:\/\/www.kamira.es\/eu\/emociones-esas-grandes-desconocidas\/","og_site_name":"Kamira","article_published_time":"2016-03-14T10:59:19+00:00","article_modified_time":"2016-05-17T11:33:34+00:00","og_image":[{"width":900,"height":600,"url":"https:\/\/www.kamira.es\/wp-content\/uploads\/2016\/03\/emociones-grandes-desconocidas-kamira.jpg","type":"image\/jpeg"}],"twitter_card":"summary","twitter_misc":{"Written by":"Publicaciones Calle Mayor","Est. reading time":"2 minutua"},"schema":{"@context":"https:\/\/schema.org","@graph":[{"@type":"Organization","@id":"https:\/\/www.kamira.es\/#organization","name":"Cooperativa Kamira","url":"https:\/\/www.kamira.es\/","sameAs":[],"logo":{"@type":"ImageObject","inLanguage":"eu","@id":"https:\/\/www.kamira.es\/#\/schema\/logo\/image\/","url":"http:\/\/www.kamira.es\/wp-content\/uploads\/2016\/06\/logo-kamira.png","contentUrl":"http:\/\/www.kamira.es\/wp-content\/uploads\/2016\/06\/logo-kamira.png","width":300,"height":108,"caption":"Cooperativa Kamira"},"image":{"@id":"https:\/\/www.kamira.es\/#\/schema\/logo\/image\/"}},{"@type":"WebSite","@id":"https:\/\/www.kamira.es\/#website","url":"https:\/\/www.kamira.es\/","name":"Kamira","description":"","publisher":{"@id":"https:\/\/www.kamira.es\/#organization"},"potentialAction":[{"@type":"SearchAction","target":{"@type":"EntryPoint","urlTemplate":"https:\/\/www.kamira.es\/?s={search_term_string}"},"query-input":"required name=search_term_string"}],"inLanguage":"eu"},{"@type":"ImageObject","inLanguage":"eu","@id":"https:\/\/www.kamira.es\/eu\/emociones-esas-grandes-desconocidas\/#primaryimage","url":"https:\/\/www.kamira.es\/wp-content\/uploads\/2016\/03\/emociones-grandes-desconocidas-kamira.jpg","contentUrl":"https:\/\/www.kamira.es\/wp-content\/uploads\/2016\/03\/emociones-grandes-desconocidas-kamira.jpg","width":900,"height":600,"caption":"Emociones. esas grandes desconocidas. Kamira"},{"@type":"WebPage","@id":"https:\/\/www.kamira.es\/eu\/emociones-esas-grandes-desconocidas\/#webpage","url":"https:\/\/www.kamira.es\/eu\/emociones-esas-grandes-desconocidas\/","name":"Emociones: esas grandes desconocidas - Kamira","isPartOf":{"@id":"https:\/\/www.kamira.es\/#website"},"primaryImageOfPage":{"@id":"https:\/\/www.kamira.es\/eu\/emociones-esas-grandes-desconocidas\/#primaryimage"},"datePublished":"2016-03-14T10:59:19+00:00","dateModified":"2016-05-17T11:33:34+00:00","breadcrumb":{"@id":"https:\/\/www.kamira.es\/eu\/emociones-esas-grandes-desconocidas\/#breadcrumb"},"inLanguage":"eu","potentialAction":[{"@type":"ReadAction","target":["https:\/\/www.kamira.es\/eu\/emociones-esas-grandes-desconocidas\/"]}]},{"@type":"BreadcrumbList","@id":"https:\/\/www.kamira.es\/eu\/emociones-esas-grandes-desconocidas\/#breadcrumb","itemListElement":[{"@type":"ListItem","position":1,"name":"Portada","item":"https:\/\/www.kamira.es\/eu\/"},{"@type":"ListItem","position":2,"name":"Emociones: esas grandes desconocidas"}]},{"@type":"Article","@id":"https:\/\/www.kamira.es\/eu\/emociones-esas-grandes-desconocidas\/#article","isPartOf":{"@id":"https:\/\/www.kamira.es\/eu\/emociones-esas-grandes-desconocidas\/#webpage"},"author":{"@id":"https:\/\/www.kamira.es\/#\/schema\/person\/5f9dedf5311f82b4b04232229480308a"},"headline":"Emociones: esas grandes desconocidas","datePublished":"2016-03-14T10:59:19+00:00","dateModified":"2016-05-17T11:33:34+00:00","mainEntityOfPage":{"@id":"https:\/\/www.kamira.es\/eu\/emociones-esas-grandes-desconocidas\/#webpage"},"wordCount":494,"commentCount":0,"publisher":{"@id":"https:\/\/www.kamira.es\/#organization"},"image":{"@id":"https:\/\/www.kamira.es\/eu\/emociones-esas-grandes-desconocidas\/#primaryimage"},"thumbnailUrl":"https:\/\/www.kamira.es\/wp-content\/uploads\/2016\/03\/emociones-grandes-desconocidas-kamira.jpg","inLanguage":"eu","potentialAction":[{"@type":"CommentAction","name":"Comment","target":["https:\/\/www.kamira.es\/eu\/emociones-esas-grandes-desconocidas\/#respond"]}]},{"@type":"Person","@id":"https:\/\/www.kamira.es\/#\/schema\/person\/5f9dedf5311f82b4b04232229480308a","name":"Publicaciones Calle Mayor","image":{"@type":"ImageObject","inLanguage":"eu","@id":"https:\/\/www.kamira.es\/#\/schema\/person\/image\/","url":"https:\/\/secure.gravatar.com\/avatar\/fd97b8b0e951b2a7ba62f0c718ef5ff1?s=96&d=mm&r=g","contentUrl":"https:\/\/secure.gravatar.com\/avatar\/fd97b8b0e951b2a7ba62f0c718ef5ff1?s=96&d=mm&r=g","caption":"Publicaciones Calle Mayor"},"sameAs":["http:\/\/www.callemayor.es"],"url":"https:\/\/www.kamira.es\/eu\/author\/admin-kamira\/"}]}},"_links":{"self":[{"href":"https:\/\/www.kamira.es\/eu\/wp-json\/wp\/v2\/posts\/3016"}],"collection":[{"href":"https:\/\/www.kamira.es\/eu\/wp-json\/wp\/v2\/posts"}],"about":[{"href":"https:\/\/www.kamira.es\/eu\/wp-json\/wp\/v2\/types\/post"}],"author":[{"embeddable":true,"href":"https:\/\/www.kamira.es\/eu\/wp-json\/wp\/v2\/users\/4"}],"replies":[{"embeddable":true,"href":"https:\/\/www.kamira.es\/eu\/wp-json\/wp\/v2\/comments?post=3016"}],"version-history":[{"count":1,"href":"https:\/\/www.kamira.es\/eu\/wp-json\/wp\/v2\/posts\/3016\/revisions"}],"predecessor-version":[{"id":3137,"href":"https:\/\/www.kamira.es\/eu\/wp-json\/wp\/v2\/posts\/3016\/revisions\/3137"}],"wp:featuredmedia":[{"embeddable":true,"href":"https:\/\/www.kamira.es\/eu\/wp-json\/wp\/v2\/media\/2874"}],"wp:attachment":[{"href":"https:\/\/www.kamira.es\/eu\/wp-json\/wp\/v2\/media?parent=3016"}],"wp:term":[{"taxonomy":"category","embeddable":true,"href":"https:\/\/www.kamira.es\/eu\/wp-json\/wp\/v2\/categories?post=3016"},{"taxonomy":"post_tag","embeddable":true,"href":"https:\/\/www.kamira.es\/eu\/wp-json\/wp\/v2\/tags?post=3016"}],"curies":[{"name":"wp","href":"https:\/\/api.w.org\/{rel}","templated":true}]}}